{"id":172,"date":"2021-08-29T23:22:55","date_gmt":"2021-08-29T21:22:55","guid":{"rendered":"http:\/\/loketrzyn.draco.org.pl\/index.php\/2021\/08\/29\/ramowy-program-wycieczki\/"},"modified":"2021-08-29T23:22:55","modified_gmt":"2021-08-29T21:22:55","slug":"ramowy-program-wycieczki","status":"publish","type":"post","link":"http:\/\/loketrzyn.pl\/index.php\/2021\/08\/29\/ramowy-program-wycieczki\/","title":{"rendered":"Ramowy program wycieczki"},"content":{"rendered":"<p>RAMOWY PROGRAM WYCIECZKI: Malbork \u2013 Gda\u0144sk \u2013 Gdynia \u2013 Sopot \u2013 Gniew (3 dni)<\/p>\n<p>I dzie\u0144 \u2013 1 wrze\u015bnia 2021<br \/>6.30 zbi\u00f3rka na parkingu przy ulicy Pocztowej (naprzeciwko Urz\u0119du Pracy)<\/p>\n<p>07.00 \u2013 wyjazd z K\u0119trzyna<br \/>Ok.10.30 \u2013 przyjazd do Malborka: zwiedzanie Zamku Krzy\u017cackiego \u2013 najwi\u0119kszej gotyckiej<\/p>\n<p>twierdzy w Europie, obejmuj\u0105cej ponad 20 ha obwarowa\u0144, po\u0142o\u017conej na prawym brzegu Nogatu,<\/p>\n<p>15.00 \u2013 przyjazd do Gda\u0144ska<br \/>\u2013 spotkanie z przewodnikiem, zwiedzanie Gda\u0144ska: Stare Miasto, Ratusz Staromiejski, D\u0142ugi Targ, Z\u0142ota Kamienica, \u017buraw, Fontanna Neptuna \u2013 morski symbol miasta, gotycka Bazylika NMP, Dw\u00f3r Artusa, Westerplatte &#8211; niewielki pasek l\u0105du, utworzony wcale nie tak dawno przez nurt Wis\u0142y i morskie pr\u0105dy, to miejsce o kt\u00f3rym s\u0142ysza\u0142 ka\u017cdy w kontek\u015bcie wybuchu II wojny \u015bwiatowej. Ma on jednak nieco d\u0142u\u017csz\u0105 i bardzo ciekaw\u0105 histori\u0119. Znajduje si\u0119 tu cmentarz poleg\u0142ych w 1939r \u017co\u0142nierzy polskich, ocala\u0142a Wartowania nr 1, ruiny koszar i Wartownia nr 3 oraz stoj\u0105cy na usypanym po wojnie kopcu Pomnik Obro\u0144c\u00f3w Westerplatte.<\/p>\n<p>18.00 \u2013 zakwaterowanie w Gda\u0144skim Domu Turystycznym w Gda\u0144sku,<\/p>\n<p>Do dyspozycji grupy; ok. 60 miejsc w pokojach wieloosobowych (2-os, 3-os) i max 4 pok. czteroosobowe z prywatn\u0105 \u0142azienk\u0105, .Wszystkie pokoje s\u0105 wyposa\u017cone min. w:tv, WiFi, czajnik, szklanki, lod\u00f3wk\u0119.<\/p>\n<p>Obiadokolacja<\/p>\n<p>19.00 \u2013 czas do dyspozycji wychowawc\u00f3w, mo\u017cliwo\u015b\u0107 spaceru na star\u00f3wk\u0119<\/p>\n<p><\/p>\n<p><!--more--><\/p>\n<p>II dzie\u0144 \u2013 2 wrze\u015bnia 2021<\/p>\n<p>07.30 \u2013 \u015bniadanie<\/p>\n<p>10.00 \u2013 zwiedzanie Muzeum II Wojny \u015awiatowej. Powsta\u0142o w Gda\u0144sku przy placu W\u0142adys\u0142awa Bartoszewskiego, nad Mot\u0142aw\u0105, blisko historycznego centrum miasta. Muzeum znajduje si\u0119 w symbolicznej przestrzeni architektonicznej stanowi\u0105cej r\u00f3wnie\u017c przestrze\u0144 pami\u0119ci \u2014 200 metr\u00f3w od historycznego budynku Poczty Polskiej w Gda\u0144sku oraz trzy kilometry drog\u0105 wodn\u0105 od p\u00f3\u0142wyspu Westerplatte, zaatakowanych we wrze\u015bniu 1939 r. Muzeum wnowoczesny spos\u00f3b prezentuje wojn\u0119 \u015bwiatow\u0105 zar\u00f3wno z perspektywy \u00f3wczesnej wielkiej polityki i przede wszystkim \u2014 prze\u017cy\u0107 zwyk\u0142ych ludzi. Ekspozycja przedstawia nie tylko losy Polak\u00f3w, ale te\u017c do\u015bwiadczenia innych narod\u00f3w.<\/p>\n<p>Czas wolny.<\/p>\n<p>Zwiedzanie Gda\u0144skiego Teatru Szekspirowskiego &#8211; jedynego na \u015bwiecie teatru z otwieranym dachem. Budynek, uznawany za jedno z najwi\u0119kszych dzie\u0142 architektury ostatnich lat, pokryty jest 1 200 000 antracytowych cegie\u0142 i ceglanej kostki brukowej, a jego drewniane wn\u0119trze przenosi widz\u00f3w do czas\u00f3w Szekspira.Widownia teatru, z trzema poziomami drewnianych galerii otaczaj\u0105cych wewn\u0119trzny dziedziniec, mo\u017ce pomie\u015bci\u0107 do 1150 go\u015bci. System ruchomych platform umo\u017cliwia dowolne modelowanie sceny i widowni, a otwierany dach \u2013 granie przy \u015bwietle dziennym, jak w renesansie.<\/p>\n<p>Program zwiedzania \u2013 60 MINUT<\/p>\n<p>makieta Szko\u0142y Fechtunku \u2013 historia teatru<br \/>\u2022 serce teatru \u2013 Sala g\u0142\u00f3wna<br \/>\u2022 galerie \u2013 charakterystyczne cechy teatru el\u017cbieta\u0144skiego<br \/>\u2022 przej\u015bcie po \u015bcie\u017cce spacerowej na murze otaczaj\u0105cym teatr<br \/>\u2022 zewn\u0119trzne dziedzi\u0144ce<br \/>Zwiedzanie Muzeum Narodowego \u2013 Oddzia\u0142 Sztuki Dawnej, w kt\u00f3rym znajduje si\u0119 tryptyk \u201eS\u0105d Ostateczny\u201d Hansa Memlinga. Obraz jest jednym z najwybitniejszych i najlepiej zachowanych przyk\u0142ad\u00f3w malarstwa niderlandzkiego na \u015bwiecie. Do dzisiaj zachwyca \u015bwietlisto\u015bci\u0105 czystych, wyszukanych barw i bogactwem z\u0142o\u017conych tre\u015bci. Do s\u0142awy arcydzie\u0142a przyczyni\u0142a si\u0119 zar\u00f3wno jego ranga artystyczna, jak i burzliwe dzieje, kt\u00f3re na wieki zwi\u0105za\u0142y obraz z Gda\u0144skiem.<\/p>\n<p>18.30 \u2013 obiadokolacja<\/p>\n<p>19.00 \u2013 czas do dyspozycji wychowawc\u00f3w, mo\u017cliwo\u015b\u0107 spaceru na star\u00f3wk\u0119<\/p>\n<p>Nocleg<\/p>\n<p>III dzie\u0144 &#8211; 3 wrze\u015bnia 2021<\/p>\n<p>07.30 \u2013 \u015bniadanie<\/p>\n<p>Ok. 09.30 \u2013 przyjazd do Gdyni, spacer Skwerem Ko\u015bciuszki. Na samym Skwerze Ko\u015bciuszki znajduj\u0105 si\u0119 te\u017c liczne pomniki np.: Marynarza Polskiego 1939-1945, Polskich Si\u0142 Zbrojnych na Zachodzie i \u017bo\u0142nierzy AK, pod kt\u00f3rym w wa\u017cniejsze uroczysto\u015bci pa\u0144stwowe sk\u0142adane s\u0105 kwiaty.<\/p>\n<p>\u2013 zwiedzanie Portu, \u201eDar Pomorza\u201d<\/p>\n<p>12.00 \u2013 przyjazd do Sopotu, wst\u0119p na molo. Molo to jeden z najpopularniejszych polskich obiekt\u00f3w rekreacyjno-imprezowych, wizyt\u00f3wka kurortu. Sk\u0142ada si\u0119 2 cz\u0119\u015bci: drewnianej i l\u0105dowej. Cz\u0119\u015b\u0107 drewniana (czyli spacerowa) obejmuje, opr\u00f3cz g\u0142\u00f3wnego pomostu (511,5 m z czego 458 m wchodzi g\u0142\u0105b Zatoki Gda\u0144skiej), pok\u0142ady dolne oraz pok\u0142ad boczny, kt\u00f3re umo\u017cliwiaj\u0105 przybijanie statk\u00f3w pasa\u017cerskich oraz jacht\u00f3w. St\u0119\u017cenie jodu w miejscach najdalej wysuni\u0119tych w morze jest dwukrotnie wi\u0119ksze ni\u017c na l\u0105dzie. Czas wolny.<\/p>\n<p>14.30 \u2013 przyjazd do Gniewu, obiad<\/p>\n<p>15.30 \u2013 zwiedzanie Zamku w Gniewie, trasa zwiedzania: izba tortur, kaplica zamkowa, kru\u017cganki obronne, sala II wojny \u015bwiatowej. Izba tortur zlokalizowana w piwnicach Zamku Gniewskiego jest wystaw\u0105 dawnych narz\u0119dzi tortur i technik katowskich. Znajduj\u0105 si\u0119 tu takie machiny jak: Gilotyna, Knebel, Fotel Czarownic, Zgniatacz kciuk\u00f3w, Trzewik Malezyjski, Madejowe \u0142o\u017ce, Maska ha\u0144by, Ko\u0142yska Judasza, Zgniatacz g\u0142owy.<\/p>\n<p>Ok. 22.00 \u2013 powr\u00f3t do K\u0119trzyna<\/p>\n<p>\u015awiadczenia:2 noclegi ze \u015bniadaniem i obiadokolacj\u0105, obiad ostatniego dnia wycieczki, bilety wst\u0119pu do zwiedzanych obiekt\u00f3w: Zamek w Malborku, Muzeum II Wojny \u015awiatowej, Teatr Szekspirowski, Muzeum Narodowe w Gda\u0144sku, molo w Sopocie, Dar Pomorza w Gdyni, Zamek Gniewski, opieka pilota, ubezpieczenie NNW, us\u0142ugi przewodnickie ( grupa zostanie podzielona na II podgrupy ) , zestaw audioguide, ,<\/p>\n","protected":false},"excerpt":{"rendered":"<p>RAMOWY PROGRAM WYCIECZKI: Malbork \u2013 Gda\u0144sk \u2013 Gdynia \u2013 Sopot \u2013 Gniew (3 dni) I dzie\u0144 \u2013 1 wrze\u015bnia 20216.30 zbi\u00f3rka na parkingu przy ulicy Pocztowej (naprzeciwko Urz\u0119du Pracy) 07.00 \u2013 wyjazd z K\u0119trzynaOk.10.30 \u2013 przyjazd do Malborka: zwiedzanie Zamku Krzy\u017cackiego \u2013 najwi\u0119kszej gotyckiej twierdzy w Europie, obejmuj\u0105cej ponad 20 ha obwarowa\u0144, po\u0142o\u017conej na prawym&hellip;<\/p>\n","protected":false},"author":1,"featured_media":0,"comment_status":"","ping_status":"open","sticky":false,"template":"","format":"standard","meta":{"footnotes":""},"categories":[4],"tags":[],"class_list":["post-172","post","type-post","status-publish","format-standard","hentry","category-news"],"gutentor_comment":0,"_links":{"self":[{"href":"http:\/\/loketrzyn.pl\/index.php\/wp-json\/wp\/v2\/posts\/172","targetHints":{"allow":["GET"]}}],"collection":[{"href":"http:\/\/loketrzyn.pl\/index.php\/wp-json\/wp\/v2\/posts"}],"about":[{"href":"http:\/\/loketrzyn.pl\/index.php\/wp-json\/wp\/v2\/types\/post"}],"author":[{"embeddable":true,"href":"http:\/\/loketrzyn.pl\/index.php\/wp-json\/wp\/v2\/users\/1"}],"replies":[{"embeddable":true,"href":"http:\/\/loketrzyn.pl\/index.php\/wp-json\/wp\/v2\/comments?post=172"}],"version-history":[{"count":0,"href":"http:\/\/loketrzyn.pl\/index.php\/wp-json\/wp\/v2\/posts\/172\/revisions"}],"wp:attachment":[{"href":"http:\/\/loketrzyn.pl\/index.php\/wp-json\/wp\/v2\/media?parent=172"}],"wp:term":[{"taxonomy":"category","embeddable":true,"href":"http:\/\/loketrzyn.pl\/index.php\/wp-json\/wp\/v2\/categories?post=172"},{"taxonomy":"post_tag","embeddable":true,"href":"http:\/\/loketrzyn.pl\/index.php\/wp-json\/wp\/v2\/tags?post=172"}],"curies":[{"name":"wp","href":"https:\/\/api.w.org\/{rel}","templated":true}]}}