{"id":177,"date":"2021-09-27T10:16:35","date_gmt":"2021-09-27T08:16:35","guid":{"rendered":"http:\/\/loketrzyn.draco.org.pl\/index.php\/2021\/09\/27\/uciec-z-miasta-do-trojmiasta\/"},"modified":"2021-09-27T10:16:35","modified_gmt":"2021-09-27T08:16:35","slug":"uciec-z-miasta-do-trojmiasta","status":"publish","type":"post","link":"http:\/\/loketrzyn.pl\/index.php\/2021\/09\/27\/uciec-z-miasta-do-trojmiasta\/","title":{"rendered":"Uciec z miasta do Tr\u00f3jmiasta."},"content":{"rendered":"<p>Wycieczka od lat pomaga uczniom w \u0142atwiejszym wej\u015bciu w rok szkolny. Celem tegorocznej wycieczki by\u0142o Pomorze. Najwi\u0119kszy zamek w Europie, malownicze gda\u0144skie stare miasto z urzekaj\u0105ca histori\u0105 i klimatem, pouczaj\u0105ce i chwytaj\u0105ce za serce Muzeum II Wojny \u015awiatowej oraz zamek w Gniewie, na kt\u00f3rym urz\u0119dowa\u0142 Jan III Sobieski. To mi\u0119dzy innymi dzi\u0119ki tym elementom poznali\u015bmy pi\u0119kno i histori\u0119 tego regionu.<\/p>\n<p>Pierwszym przystankiem naszego wyjazdu by\u0142 zamek w Malborku. Jeden z 16 Polskich obiekt\u00f3w wpisanych na list\u0119 UNESCO zachwyca rozmiarem i bogat\u0105 histori\u0105. Dowiedzieli\u015bmy si\u0119 m.in. ,\u017ce jest to najwi\u0119kszy z zachowanych w Europie \u015bredniowiecznych zamk\u00f3w. Trzycz\u0119\u015bciowa twierdza obronna w stylu gotyckim sk\u0142ada si\u0119 z Zamku Niskiego, Zamku \u015aredniego i Zamku Wysokiego.<\/p>\n<p>Po przyje\u017adzie do Gda\u0144ska rozpocz\u0119li\u015bmy zwiedzanie Gda\u0144ska. Przewodniczka przytoczy\u0142a nam histori\u0119 Starego Miasta, Ratusza Staromiejskiego, D\u0142ugiego Targu, Z\u0142otej Kamienicy, \u017burawia, Fontanny Neptuna , gotyckiej Bazyliki Naj\u015bwi\u0119tszej Maryi\u00a0 Panny i Dworu Artusa. Wspania\u0142a architektura, ogrom turyst\u00f3w z ka\u017cdego zak\u0105tka \u015bwiata oraz niepowtarzalny klimat zachwyca\u0142 ka\u017cdego z nas.<\/p>\n<p><!--more--><\/p>\n<p>Pierwszy wrze\u015bnia to szczeg\u00f3lna data na odwiedzenie Westerplatte. To na tym kawa\u0142ku l\u0105du o godzinie\u00a0 4.47 pad\u0142y jedne z pierwszych strza\u0142\u00f3w rozpoczynaj\u0105ce najkrwawszy konflikt w dziejach ludzko\u015bci. Mieli\u015bmy zaszczyt by\u0107 tam w\u0142a\u015bnie w ten dzie\u0144, co uhonorowali\u015bmy zapaleniem znicza i z\u0142o\u017ceniem kwiat\u00f3w pod pomnikiem. Tak zako\u0144czyli\u015bmy dzie\u0144 pierwszy.<\/p>\n<p>Nast\u0119pnym przystankiem naszej wycieczki by\u0142o Muzeum II Wojny \u015awiatowej. Wystawa przybli\u017cy\u0142a nam histori\u0119 tego jak\u017ce wa\u017cnego konfliktu, nie tylko w historii Polski, ale i ca\u0142ego \u015bwiata. Muzeum zosta\u0142o zorganizowane w niezwykle interesuj\u0105cy spos\u00f3b \u0142\u0105cz\u0105c tradycyjne ekspozycje broni, mundur\u00f3w i innych przedmiot\u00f3w z nowoczesnymi i interaktywnymi elementami, takimi jak filmy czy relacje \u015bwiadk\u00f3w wojny. Ca\u0142o\u015b\u0107 zorganizowana zosta\u0142a tak, aby\u015bmy poczuli si\u0119 jak przedwojenni mieszka\u0144cy Polski lub lokatorzy okupowanej Warszawy.<\/p>\n<p>Kolejnym punktem naszej wycieczki by\u0142 Teatr Szekspirowski. Najbardziej charakterystyczn\u0105 cech\u0105 Teatru jest jego nietypowa architektura zaprojektowana przez Renato Rizzi\u2019ego. Potem udali\u015bmy si\u0119 do Muzeum Narodowego. Na miejscu wys\u0142uchali\u015bmy analizy i interpretacji\u00a0 Tryptyku ,,S\u0105d Ostateczny\u201d Hansa Memlinga oraz obejrzeli\u015bmy reszt\u0119 ekspozycji.<\/p>\n<p>Trzeciego dnia, po spakowaniu walizek, udali\u015bmy si\u0119 do Gdyni, aby zwiedzi\u0107 pok\u0142ad i wn\u0119trze ,,Daru Pomorza\u201d. Tam dowiedzieli\u015bmy si\u0119 wielu interesuj\u0105cych fakt\u00f3w na temat historii samego statku jak i codziennego \u017cycia jego za\u0142ogi. Na tym nie sko\u0144czy\u0142 si\u0119 w\u0105tek morski naszej wycieczki, gdy\u017c ostatnim punktem by\u0142o sopockie molo imienia \u015aw. Jana Paw\u0142a II. Najd\u0142u\u017csze molo nad Ba\u0142tykiem zachwyci\u0142o nas pi\u0119knymi widokami pomimo z\u0142ej pogody.<\/p>\n<p>Ostatni\u0105 atrakcj\u0105 naszej integracyjnej wycieczki by\u0142 zamek w Gniewie. Prawdopodobnie najbardziej interesuj\u0105cym faktem na temat zamku jest to, \u017ce\u00a0 jednym ze starost\u00f3w zamku by\u0142 Jan Sobieski, przysz\u0142y kr\u00f3l, kt\u00f3ry obok zamku zbudowa\u0142 du\u017cy budynek dla Marysie\u0144ki tzw. Pa\u0142ac Marysie\u0144ki. W okresie zabor\u00f3w Prusacy przebudowywali zamek, kt\u00f3ry kilkakrotnie zmienia\u0142 przeznaczenie. W 1920 roku Zamek w Gniewie wr\u00f3ci\u0142 do Polski, a w 1921 roku sp\u0142on\u0105\u0142. Po II wojnie \u015bwiatowej zamek gniewski odbudowano, obecnie mie\u015bci si\u0119 tam hotel i restauracja w kt\u00f3rej zjedli\u015bmy obiadokolacje.<\/p>\n<p>Do dom\u00f3w wr\u00f3cili\u015bmy zm\u0119czeni, ale szcz\u0119\u015bliwi i pe\u0142ni wra\u017ce\u0144. Wycieczka na pewno\u00a0 przypad\u0142a do gustu zar\u00f3wno mi\u0142o\u015bnikom architektury, jak i pasjonatom historii.<\/p>\n<p>\u00a0<\/p>\n<p>Micha\u0142 Radziszewski<\/p>\n<p>Bartosz Waszczuk<\/p>\n<p>\u00a0{gallery}gdansk{\/gallery}<\/p>\n<p>\u00a0<\/p>\n","protected":false},"excerpt":{"rendered":"<p>Wycieczka od lat pomaga uczniom w \u0142atwiejszym wej\u015bciu w rok szkolny. Celem tegorocznej wycieczki by\u0142o Pomorze. Najwi\u0119kszy zamek w Europie, malownicze gda\u0144skie stare miasto z urzekaj\u0105ca histori\u0105 i klimatem, pouczaj\u0105ce i chwytaj\u0105ce za serce Muzeum II Wojny \u015awiatowej oraz zamek w Gniewie, na kt\u00f3rym urz\u0119dowa\u0142 Jan III Sobieski. To mi\u0119dzy innymi dzi\u0119ki tym elementom poznali\u015bmy&hellip;<\/p>\n","protected":false},"author":1,"featured_media":0,"comment_status":"","ping_status":"open","sticky":false,"template":"","format":"standard","meta":{"footnotes":""},"categories":[4],"tags":[],"class_list":["post-177","post","type-post","status-publish","format-standard","hentry","category-news"],"gutentor_comment":0,"_links":{"self":[{"href":"http:\/\/loketrzyn.pl\/index.php\/wp-json\/wp\/v2\/posts\/177","targetHints":{"allow":["GET"]}}],"collection":[{"href":"http:\/\/loketrzyn.pl\/index.php\/wp-json\/wp\/v2\/posts"}],"about":[{"href":"http:\/\/loketrzyn.pl\/index.php\/wp-json\/wp\/v2\/types\/post"}],"author":[{"embeddable":true,"href":"http:\/\/loketrzyn.pl\/index.php\/wp-json\/wp\/v2\/users\/1"}],"replies":[{"embeddable":true,"href":"http:\/\/loketrzyn.pl\/index.php\/wp-json\/wp\/v2\/comments?post=177"}],"version-history":[{"count":0,"href":"http:\/\/loketrzyn.pl\/index.php\/wp-json\/wp\/v2\/posts\/177\/revisions"}],"wp:attachment":[{"href":"http:\/\/loketrzyn.pl\/index.php\/wp-json\/wp\/v2\/media?parent=177"}],"wp:term":[{"taxonomy":"category","embeddable":true,"href":"http:\/\/loketrzyn.pl\/index.php\/wp-json\/wp\/v2\/categories?post=177"},{"taxonomy":"post_tag","embeddable":true,"href":"http:\/\/loketrzyn.pl\/index.php\/wp-json\/wp\/v2\/tags?post=177"}],"curies":[{"name":"wp","href":"https:\/\/api.w.org\/{rel}","templated":true}]}}