{"id":734,"date":"2025-06-05T09:28:51","date_gmt":"2025-06-05T07:28:51","guid":{"rendered":"http:\/\/loketrzyn.pl\/?p=734"},"modified":"2025-06-05T09:29:46","modified_gmt":"2025-06-05T07:29:46","slug":"wycieczka-do-paryza","status":"publish","type":"post","link":"http:\/\/loketrzyn.pl\/index.php\/2025\/06\/05\/wycieczka-do-paryza\/","title":{"rendered":"Wycieczka do Pary\u017ca"},"content":{"rendered":"\n<p>Szczeg\u00f3\u0142owy plan wycieczki do Pary\u017ca. 0d 1.09 do 6.09.2025.<\/p>\n\n\n\n<p><a><\/a>Bardzo prosimy o dokonanie wp\u0142at zaliczki w wysoko\u015b\u0107i 1400 z\u0142 do pi\u0105tku 6 czerwca na konto szko\u0142y. Zaliczka jest konieczna ze wzgl\u0119du na dokonanie p\u0142atnej rezerwacji bilet\u00f3w w muzeum w Wersalu i Luwrze.<\/p>\n\n\n\n<p>dyrekcja<\/p>\n\n\n\n<figure class=\"wp-block-image size-large\"><img loading=\"lazy\" decoding=\"async\" width=\"792\" height=\"1024\" src=\"http:\/\/loketrzyn.pl\/wp-content\/uploads\/2025\/06\/paryz-1-792x1024.jpg\" alt=\"\" class=\"wp-image-733\" srcset=\"http:\/\/loketrzyn.pl\/wp-content\/uploads\/2025\/06\/paryz-1-792x1024.jpg 792w, http:\/\/loketrzyn.pl\/wp-content\/uploads\/2025\/06\/paryz-1-232x300.jpg 232w, http:\/\/loketrzyn.pl\/wp-content\/uploads\/2025\/06\/paryz-1-768x992.jpg 768w, http:\/\/loketrzyn.pl\/wp-content\/uploads\/2025\/06\/paryz-1-1189x1536.jpg 1189w, http:\/\/loketrzyn.pl\/wp-content\/uploads\/2025\/06\/paryz-1.jpg 1448w\" sizes=\"auto, (max-width: 792px) 100vw, 792px\" \/><\/figure>\n","protected":false},"excerpt":{"rendered":"<p>Szczeg\u00f3\u0142owy plan wycieczki do Pary\u017ca. 0d 1.09 do 6.09.2025. Bardzo prosimy o dokonanie wp\u0142at zaliczki w wysoko\u015b\u0107i 1400 z\u0142 do pi\u0105tku 6 czerwca na konto szko\u0142y. Zaliczka jest konieczna ze wzgl\u0119du na dokonanie p\u0142atnej rezerwacji bilet\u00f3w w muzeum w Wersalu i Luwrze. dyrekcja<\/p>\n","protected":false},"author":1,"featured_media":0,"comment_status":"closed","ping_status":"open","sticky":false,"template":"","format":"standard","meta":{"footnotes":""},"categories":[4],"tags":[],"class_list":["post-734","post","type-post","status-publish","format-standard","hentry","category-news"],"gutentor_comment":0,"_links":{"self":[{"href":"http:\/\/loketrzyn.pl\/index.php\/wp-json\/wp\/v2\/posts\/734","targetHints":{"allow":["GET"]}}],"collection":[{"href":"http:\/\/loketrzyn.pl\/index.php\/wp-json\/wp\/v2\/posts"}],"about":[{"href":"http:\/\/loketrzyn.pl\/index.php\/wp-json\/wp\/v2\/types\/post"}],"author":[{"embeddable":true,"href":"http:\/\/loketrzyn.pl\/index.php\/wp-json\/wp\/v2\/users\/1"}],"replies":[{"embeddable":true,"href":"http:\/\/loketrzyn.pl\/index.php\/wp-json\/wp\/v2\/comments?post=734"}],"version-history":[{"count":1,"href":"http:\/\/loketrzyn.pl\/index.php\/wp-json\/wp\/v2\/posts\/734\/revisions"}],"predecessor-version":[{"id":735,"href":"http:\/\/loketrzyn.pl\/index.php\/wp-json\/wp\/v2\/posts\/734\/revisions\/735"}],"wp:attachment":[{"href":"http:\/\/loketrzyn.pl\/index.php\/wp-json\/wp\/v2\/media?parent=734"}],"wp:term":[{"taxonomy":"category","embeddable":true,"href":"http:\/\/loketrzyn.pl\/index.php\/wp-json\/wp\/v2\/categories?post=734"},{"taxonomy":"post_tag","embeddable":true,"href":"http:\/\/loketrzyn.pl\/index.php\/wp-json\/wp\/v2\/tags?post=734"}],"curies":[{"name":"wp","href":"https:\/\/api.w.org\/{rel}","templated":true}]}}